{"id":4813,"date":"2024-02-19T21:19:36","date_gmt":"2024-02-19T20:19:36","guid":{"rendered":"https:\/\/hawkraft.dk\/begivenhede_post\/kulturelles-essen-gorm-saenger-larsen\/"},"modified":"2024-09-10T15:22:58","modified_gmt":"2024-09-10T13:22:58","slug":"kulturelles-essen-gorm-saenger-larsen","status":"publish","type":"begivenhede_post","link":"https:\/\/hawkraft.dk\/de\/begivenhede_post\/kulturelles-essen-gorm-saenger-larsen\/","title":{"rendered":"Kulturelles Essen + Gorm-S\u00e4nger Larsen"},"content":{"rendered":"<p>Zuerst essen wir gemeinsam 18:30 \u2013 und dann betritt Gorm Bull die B\u00fchne&#8230; &nbsp;<a href=\"https:\/\/hawkraftkulturhotel.ticketbutler.io\/da\/e\/gorm-synger-larsen-1\/\">ticket<\/a>&nbsp; GORM-S\u00c4NGER LARSEN Erleben Sie ein au\u00dfergew\u00f6hnliches Erlebnis, wenn der exzellente S\u00e4nger und Songwriter Gorm Bull seine Lupe herausholt und das Fantastische schnuppert musikalische Spuren, die unsere Kim Larsen hinterlassen hat. Vielleicht die Geschichte \u00fcber die Zeit, als Gorm im Zimmer seiner Schwester sa\u00df und Kim unten in der Wohnung \u201eByens Hotel\u201c singen h\u00f6rte? Vielleicht andere pers\u00f6nliche Anekdoten aus einem Leben mit Kim Larsens Liedern. Mit \u00fcber 400 \u201eGorm-S\u00e4nger-Larsen\u201c-Konzerten in der Tasche wurden dabei schon einige Erfahrungen gesammelt. Wie die meisten von uns hat Gorm die Lieder durch die Milch seiner Mutter bekommen. Nichts geht \u00fcber die warme Atmosph\u00e4re, die sich ausbreitet, wenn Larsens Worte und Melodien aus dem Mund kommen und im Herzen landen! Es geht um die Liebe zu den Liedern und das Publikum bekommt reichlich Gelegenheit, Erinnerungen an z.B. der gute alte V\u00e6rsgo und Mitt Om Natten. Nehmen Sie an der Reise mit Gorm Bull teil und treten Sie in Larsens warme Fu\u00dfstapfen. Gorm Bull: ist ein sehr erfahrener Kim Larsen-Interpret mit \u00fcber 400 Larsen-Auftritten im Gep\u00e4ck!!! Erfolgreicher S\u00e4nger und Songwriter, der Songs geschrieben hat, z. B. mit Bosse Hall Christensen (Shu-bi-dua) und Nils Torp (Souvenirs\/Clich\u00e9). Der Mann hinter dem Hit \u201eDanmarks Jernh\u00e5rde Ladies\u201c und nahm 1993 und 1996 am d\u00e4nischen Melodi Grandprix teil. Ver\u00f6ffentlichte das Buch \u201eMed Dj\u00e6velen p\u00e5 Sl\u00e6b\u201c und sprach mehrere Dokumentationen\/H\u00f6rb\u00fccher, darunter \u201eBertelsen p\u00e5 Caminoen\u201c auf DR2. Eine H\u00e4lfte von Bull &amp; Hjorth und Texter f\u00fcr Lars DK.<\/p>\n","protected":false},"featured_media":4006,"template":"","class_list":["post-4813","begivenhede_post","type-begivenhede_post","status-publish","has-post-thumbnail","hentry"],"acf":[],"yoast_head":"<!-- This site is optimized with the Yoast SEO plugin v27.4 - https:\/\/yoast.com\/product\/yoast-seo-wordpress\/ -->\n<title>Kulturelles Essen + Gorm-S\u00e4nger Larsen - Hawkraft \u2013 Overnatning i Thy t\u00e6t p\u00e5 Nationalparken<\/title>\n<meta name=\"robots\" content=\"index, follow, max-snippet:-1, max-image-preview:large, max-video-preview:-1\" \/>\n<link rel=\"canonical\" href=\"https:\/\/hawkraft.dk\/begivenhede_post\/gorm-synger-larsen\/\" \/>\n<meta property=\"og:locale\" content=\"de_DE\" \/>\n<meta property=\"og:type\" content=\"article\" \/>\n<meta property=\"og:title\" content=\"Kulturelles Essen + Gorm-S\u00e4nger Larsen - Hawkraft \u2013 Overnatning i Thy t\u00e6t p\u00e5 Nationalparken\" \/>\n<meta property=\"og:description\" content=\"Zuerst essen wir gemeinsam 18:30 \u2013 und dann betritt Gorm Bull die B\u00fchne&#8230; &nbsp;ticket&nbsp; GORM-S\u00c4NGER LARSEN Erleben Sie ein au\u00dfergew\u00f6hnliches Erlebnis, wenn der exzellente S\u00e4nger und Songwriter Gorm Bull seine Lupe herausholt und das Fantastische schnuppert musikalische Spuren, die unsere Kim Larsen hinterlassen hat. Vielleicht die Geschichte \u00fcber die Zeit, als Gorm im Zimmer seiner [&hellip;]\" \/>\n<meta property=\"og:url\" content=\"https:\/\/hawkraft.dk\/begivenhede_post\/gorm-synger-larsen\/\" \/>\n<meta property=\"og:site_name\" content=\"Hawkraft \u2013 Overnatning i Thy t\u00e6t p\u00e5 Nationalparken\" \/>\n<meta property=\"article:publisher\" content=\"https:\/\/www.facebook.com\/Vestervig\" \/>\n<meta property=\"article:modified_time\" content=\"2024-09-10T13:22:58+00:00\" \/>\n<meta property=\"og:image\" content=\"https:\/\/hawkraft.dk\/wp-content\/uploads\/2024\/02\/gsl-foto-3.png\" \/>\n\t<meta property=\"og:image:width\" content=\"591\" \/>\n\t<meta property=\"og:image:height\" content=\"591\" \/>\n\t<meta property=\"og:image:type\" content=\"image\/png\" \/>\n<meta name=\"twitter:card\" content=\"summary_large_image\" \/>\n<meta name=\"twitter:label1\" content=\"Gesch\u00e4tzte Lesezeit\" \/>\n\t<meta name=\"twitter:data1\" content=\"1\u00a0Minute\" \/>\n<script type=\"application\/ld+json\" class=\"yoast-schema-graph\">{\"@context\":\"https:\\\/\\\/schema.org\",\"@graph\":[{\"@type\":\"WebPage\",\"@id\":\"https:\\\/\\\/hawkraft.dk\\\/begivenhede_post\\\/gorm-synger-larsen\\\/\",\"url\":\"https:\\\/\\\/hawkraft.dk\\\/begivenhede_post\\\/gorm-synger-larsen\\\/\",\"name\":\"Kulturelles Essen + Gorm-S\u00e4nger Larsen - Hawkraft \u2013 Overnatning i Thy t\u00e6t p\u00e5 Nationalparken\",\"isPartOf\":{\"@id\":\"https:\\\/\\\/hawkraft.dk\\\/#website\"},\"primaryImageOfPage\":{\"@id\":\"https:\\\/\\\/hawkraft.dk\\\/begivenhede_post\\\/gorm-synger-larsen\\\/#primaryimage\"},\"image\":{\"@id\":\"https:\\\/\\\/hawkraft.dk\\\/begivenhede_post\\\/gorm-synger-larsen\\\/#primaryimage\"},\"thumbnailUrl\":\"https:\\\/\\\/hawkraft.dk\\\/wp-content\\\/uploads\\\/2024\\\/02\\\/gsl-foto-3.png\",\"datePublished\":\"2024-02-19T20:19:36+00:00\",\"dateModified\":\"2024-09-10T13:22:58+00:00\",\"breadcrumb\":{\"@id\":\"https:\\\/\\\/hawkraft.dk\\\/begivenhede_post\\\/gorm-synger-larsen\\\/#breadcrumb\"},\"inLanguage\":\"de\",\"potentialAction\":[{\"@type\":\"ReadAction\",\"target\":[\"https:\\\/\\\/hawkraft.dk\\\/begivenhede_post\\\/gorm-synger-larsen\\\/\"]}]},{\"@type\":\"ImageObject\",\"inLanguage\":\"de\",\"@id\":\"https:\\\/\\\/hawkraft.dk\\\/begivenhede_post\\\/gorm-synger-larsen\\\/#primaryimage\",\"url\":\"https:\\\/\\\/hawkraft.dk\\\/wp-content\\\/uploads\\\/2024\\\/02\\\/gsl-foto-3.png\",\"contentUrl\":\"https:\\\/\\\/hawkraft.dk\\\/wp-content\\\/uploads\\\/2024\\\/02\\\/gsl-foto-3.png\",\"width\":591,\"height\":591},{\"@type\":\"BreadcrumbList\",\"@id\":\"https:\\\/\\\/hawkraft.dk\\\/begivenhede_post\\\/gorm-synger-larsen\\\/#breadcrumb\",\"itemListElement\":[{\"@type\":\"ListItem\",\"position\":1,\"name\":\"Hjem\",\"item\":\"https:\\\/\\\/hawkraft.dk\\\/de\\\/hawkraft-homepage\\\/\"},{\"@type\":\"ListItem\",\"position\":2,\"name\":\"Kulturelles Essen + Gorm-S\u00e4nger Larsen\"}]},{\"@type\":\"WebSite\",\"@id\":\"https:\\\/\\\/hawkraft.dk\\\/#website\",\"url\":\"https:\\\/\\\/hawkraft.dk\\\/\",\"name\":\"hawkraft.dk\",\"description\":\"Hawkraft Kulturhotel \u2013 Overnatning i Thy t\u00e6t p\u00e5 Nationalparken\",\"publisher\":{\"@id\":\"https:\\\/\\\/hawkraft.dk\\\/#organization\"},\"alternateName\":\"Hawkraft Kulturhotel \u2013 Overnatning i Thy t\u00e6t p\u00e5 Nationalparken\",\"potentialAction\":[{\"@type\":\"SearchAction\",\"target\":{\"@type\":\"EntryPoint\",\"urlTemplate\":\"https:\\\/\\\/hawkraft.dk\\\/?s={search_term_string}\"},\"query-input\":{\"@type\":\"PropertyValueSpecification\",\"valueRequired\":true,\"valueName\":\"search_term_string\"}}],\"inLanguage\":\"de\"},{\"@type\":\"Organization\",\"@id\":\"https:\\\/\\\/hawkraft.dk\\\/#organization\",\"name\":\"hawkraft Kulturhotel\",\"alternateName\":\"Hawkraft Kulturhotel \u2013 Overnatning i Thy t\u00e6t p\u00e5 Nationalparken\",\"url\":\"https:\\\/\\\/hawkraft.dk\\\/\",\"logo\":{\"@type\":\"ImageObject\",\"inLanguage\":\"de\",\"@id\":\"https:\\\/\\\/hawkraft.dk\\\/#\\\/schema\\\/logo\\\/image\\\/\",\"url\":\"https:\\\/\\\/hawkraft.dk\\\/wp-content\\\/uploads\\\/2023\\\/11\\\/hawkraft-naturhotel-logo.png\",\"contentUrl\":\"https:\\\/\\\/hawkraft.dk\\\/wp-content\\\/uploads\\\/2023\\\/11\\\/hawkraft-naturhotel-logo.png\",\"width\":2000,\"height\":1895,\"caption\":\"hawkraft Kulturhotel\"},\"image\":{\"@id\":\"https:\\\/\\\/hawkraft.dk\\\/#\\\/schema\\\/logo\\\/image\\\/\"},\"sameAs\":[\"https:\\\/\\\/www.facebook.com\\\/Vestervig\"]}]}<\/script>\n<!-- \/ Yoast SEO plugin. -->","yoast_head_json":{"title":"Kulturelles Essen + Gorm-S\u00e4nger Larsen - Hawkraft \u2013 Overnatning i Thy t\u00e6t p\u00e5 Nationalparken","robots":{"index":"index","follow":"follow","max-snippet":"max-snippet:-1","max-image-preview":"max-image-preview:large","max-video-preview":"max-video-preview:-1"},"canonical":"https:\/\/hawkraft.dk\/begivenhede_post\/gorm-synger-larsen\/","og_locale":"de_DE","og_type":"article","og_title":"Kulturelles Essen + Gorm-S\u00e4nger Larsen - Hawkraft \u2013 Overnatning i Thy t\u00e6t p\u00e5 Nationalparken","og_description":"Zuerst essen wir gemeinsam 18:30 \u2013 und dann betritt Gorm Bull die B\u00fchne&#8230; &nbsp;ticket&nbsp; GORM-S\u00c4NGER LARSEN Erleben Sie ein au\u00dfergew\u00f6hnliches Erlebnis, wenn der exzellente S\u00e4nger und Songwriter Gorm Bull seine Lupe herausholt und das Fantastische schnuppert musikalische Spuren, die unsere Kim Larsen hinterlassen hat. Vielleicht die Geschichte \u00fcber die Zeit, als Gorm im Zimmer seiner [&hellip;]","og_url":"https:\/\/hawkraft.dk\/begivenhede_post\/gorm-synger-larsen\/","og_site_name":"Hawkraft \u2013 Overnatning i Thy t\u00e6t p\u00e5 Nationalparken","article_publisher":"https:\/\/www.facebook.com\/Vestervig","article_modified_time":"2024-09-10T13:22:58+00:00","og_image":[{"width":591,"height":591,"url":"https:\/\/hawkraft.dk\/wp-content\/uploads\/2024\/02\/gsl-foto-3.png","type":"image\/png"}],"twitter_card":"summary_large_image","twitter_misc":{"Gesch\u00e4tzte Lesezeit":"1\u00a0Minute"},"schema":{"@context":"https:\/\/schema.org","@graph":[{"@type":"WebPage","@id":"https:\/\/hawkraft.dk\/begivenhede_post\/gorm-synger-larsen\/","url":"https:\/\/hawkraft.dk\/begivenhede_post\/gorm-synger-larsen\/","name":"Kulturelles Essen + Gorm-S\u00e4nger Larsen - Hawkraft \u2013 Overnatning i Thy t\u00e6t p\u00e5 Nationalparken","isPartOf":{"@id":"https:\/\/hawkraft.dk\/#website"},"primaryImageOfPage":{"@id":"https:\/\/hawkraft.dk\/begivenhede_post\/gorm-synger-larsen\/#primaryimage"},"image":{"@id":"https:\/\/hawkraft.dk\/begivenhede_post\/gorm-synger-larsen\/#primaryimage"},"thumbnailUrl":"https:\/\/hawkraft.dk\/wp-content\/uploads\/2024\/02\/gsl-foto-3.png","datePublished":"2024-02-19T20:19:36+00:00","dateModified":"2024-09-10T13:22:58+00:00","breadcrumb":{"@id":"https:\/\/hawkraft.dk\/begivenhede_post\/gorm-synger-larsen\/#breadcrumb"},"inLanguage":"de","potentialAction":[{"@type":"ReadAction","target":["https:\/\/hawkraft.dk\/begivenhede_post\/gorm-synger-larsen\/"]}]},{"@type":"ImageObject","inLanguage":"de","@id":"https:\/\/hawkraft.dk\/begivenhede_post\/gorm-synger-larsen\/#primaryimage","url":"https:\/\/hawkraft.dk\/wp-content\/uploads\/2024\/02\/gsl-foto-3.png","contentUrl":"https:\/\/hawkraft.dk\/wp-content\/uploads\/2024\/02\/gsl-foto-3.png","width":591,"height":591},{"@type":"BreadcrumbList","@id":"https:\/\/hawkraft.dk\/begivenhede_post\/gorm-synger-larsen\/#breadcrumb","itemListElement":[{"@type":"ListItem","position":1,"name":"Hjem","item":"https:\/\/hawkraft.dk\/de\/hawkraft-homepage\/"},{"@type":"ListItem","position":2,"name":"Kulturelles Essen + Gorm-S\u00e4nger Larsen"}]},{"@type":"WebSite","@id":"https:\/\/hawkraft.dk\/#website","url":"https:\/\/hawkraft.dk\/","name":"hawkraft.dk","description":"Hawkraft Kulturhotel \u2013 Overnatning i Thy t\u00e6t p\u00e5 Nationalparken","publisher":{"@id":"https:\/\/hawkraft.dk\/#organization"},"alternateName":"Hawkraft Kulturhotel \u2013 Overnatning i Thy t\u00e6t p\u00e5 Nationalparken","potentialAction":[{"@type":"SearchAction","target":{"@type":"EntryPoint","urlTemplate":"https:\/\/hawkraft.dk\/?s={search_term_string}"},"query-input":{"@type":"PropertyValueSpecification","valueRequired":true,"valueName":"search_term_string"}}],"inLanguage":"de"},{"@type":"Organization","@id":"https:\/\/hawkraft.dk\/#organization","name":"hawkraft Kulturhotel","alternateName":"Hawkraft Kulturhotel \u2013 Overnatning i Thy t\u00e6t p\u00e5 Nationalparken","url":"https:\/\/hawkraft.dk\/","logo":{"@type":"ImageObject","inLanguage":"de","@id":"https:\/\/hawkraft.dk\/#\/schema\/logo\/image\/","url":"https:\/\/hawkraft.dk\/wp-content\/uploads\/2023\/11\/hawkraft-naturhotel-logo.png","contentUrl":"https:\/\/hawkraft.dk\/wp-content\/uploads\/2023\/11\/hawkraft-naturhotel-logo.png","width":2000,"height":1895,"caption":"hawkraft Kulturhotel"},"image":{"@id":"https:\/\/hawkraft.dk\/#\/schema\/logo\/image\/"},"sameAs":["https:\/\/www.facebook.com\/Vestervig"]}]}},"_links":{"self":[{"href":"https:\/\/hawkraft.dk\/de\/wp-json\/wp\/v2\/begivenhede_post\/4813","targetHints":{"allow":["GET"]}}],"collection":[{"href":"https:\/\/hawkraft.dk\/de\/wp-json\/wp\/v2\/begivenhede_post"}],"about":[{"href":"https:\/\/hawkraft.dk\/de\/wp-json\/wp\/v2\/types\/begivenhede_post"}],"wp:featuredmedia":[{"embeddable":true,"href":"https:\/\/hawkraft.dk\/de\/wp-json\/wp\/v2\/media\/4006"}],"wp:attachment":[{"href":"https:\/\/hawkraft.dk\/de\/wp-json\/wp\/v2\/media?parent=4813"}],"curies":[{"name":"wp","href":"https:\/\/api.w.org\/{rel}","templated":true}]}}