{"id":6059,"date":"2024-05-24T08:03:37","date_gmt":"2024-05-24T06:03:37","guid":{"rendered":"https:\/\/hawkraft.dk\/begivenhede_post\/autorenvortrag-v-peter-oevig-knudsen-kulturelles-essen\/"},"modified":"2024-09-12T14:11:21","modified_gmt":"2024-09-12T12:11:21","slug":"autorenvortrag-v-peter-oevig-knudsen-kulturelles-essen","status":"publish","type":"begivenhede_post","link":"https:\/\/hawkraft.dk\/de\/begivenhede_post\/autorenvortrag-v-peter-oevig-knudsen-kulturelles-essen\/","title":{"rendered":"Autorenvortrag v\/ Peter \u00d8vig Knudsen + kulturelles Essen"},"content":{"rendered":"<p><a href=\"https:\/\/hawkraftkulturhotel.ticketbutler.io\/da\/e\/peter-vig\/\">Kaufen Sie ein Ticket<\/a><\/p>\n<h2><strong>In Zusammenarbeit mit dem Kulturrummet in Thy und dem St\u00f8ttforeningen Hawkraftens Venner,<\/strong><\/h2>\n<h2><strong>Sie sind zu einem<\/strong> <strong>Essen und einem Autorenvortrag von Peter \u00d8vig eingeladen<\/strong><\/h2>\n<p>Der Autor und Journalist Peter \u00d8vig Knudsen schreibt in den B\u00fcchern \u201eHippie 1 2\u201c \u00fcber das gro\u00dfe Experiment, im Sommer 1970 auf einem Feld in der N\u00e4he von Fr\u00f8strup, auch bekannt als Thylejren, eine neue Gesellschaft zu gr\u00fcnden. Kommen Sie und h\u00f6ren Sie ihm zu, wie er \u00fcber das Experiment spricht, das 74 Tage dauerte und seine Wurzeln in der Hippie-Bewegung hatte. Zeitplan: K. 18.30-19.30 Kulturelles Essen Kl. 19.30-21.00 Vorlesungsfoto. Sara Galbiati<\/p>\n<p>&nbsp;<\/p>\n<p>&nbsp;<\/p>\n","protected":false},"featured_media":5347,"template":"","class_list":["post-6059","begivenhede_post","type-begivenhede_post","status-publish","has-post-thumbnail","hentry"],"acf":[],"yoast_head":"<!-- This site is optimized with the Yoast SEO plugin v27.4 - https:\/\/yoast.com\/product\/yoast-seo-wordpress\/ -->\n<title>Autorenvortrag v\/ Peter \u00d8vig Knudsen + kulturelles Essen - Hawkraft \u2013 Overnatning i Thy t\u00e6t p\u00e5 Nationalparken<\/title>\n<meta name=\"robots\" content=\"index, follow, max-snippet:-1, max-image-preview:large, max-video-preview:-1\" \/>\n<link rel=\"canonical\" href=\"https:\/\/hawkraft.dk\/?post_type=begivenhede_post&p=5341\" \/>\n<meta property=\"og:locale\" content=\"de_DE\" \/>\n<meta property=\"og:type\" content=\"article\" \/>\n<meta property=\"og:title\" content=\"Autorenvortrag v\/ Peter \u00d8vig Knudsen + kulturelles Essen - Hawkraft \u2013 Overnatning i Thy t\u00e6t p\u00e5 Nationalparken\" \/>\n<meta property=\"og:description\" content=\"Kaufen Sie ein Ticket In Zusammenarbeit mit dem Kulturrummet in Thy und dem St\u00f8ttforeningen Hawkraftens Venner, Sie sind zu einem Essen und einem Autorenvortrag von Peter \u00d8vig eingeladen Der Autor und Journalist Peter \u00d8vig Knudsen schreibt in den B\u00fcchern \u201eHippie 1 2\u201c \u00fcber das gro\u00dfe Experiment, im Sommer 1970 auf einem Feld in der N\u00e4he [&hellip;]\" \/>\n<meta property=\"og:url\" content=\"https:\/\/hawkraft.dk\/?post_type=begivenhede_post&amp;p=5341\" \/>\n<meta property=\"og:site_name\" content=\"Hawkraft \u2013 Overnatning i Thy t\u00e6t p\u00e5 Nationalparken\" \/>\n<meta property=\"article:publisher\" content=\"https:\/\/www.facebook.com\/Vestervig\" \/>\n<meta property=\"article:modified_time\" content=\"2024-09-12T12:11:21+00:00\" \/>\n<meta property=\"og:image\" content=\"https:\/\/hawkraft.dk\/wp-content\/uploads\/2024\/05\/IMG_4042.jpeg\" \/>\n\t<meta property=\"og:image:width\" content=\"1170\" \/>\n\t<meta property=\"og:image:height\" content=\"771\" \/>\n\t<meta property=\"og:image:type\" content=\"image\/jpeg\" \/>\n<meta name=\"twitter:card\" content=\"summary_large_image\" \/>\n<meta name=\"twitter:label1\" content=\"Gesch\u00e4tzte Lesezeit\" \/>\n\t<meta name=\"twitter:data1\" content=\"1\u00a0Minute\" \/>\n<script type=\"application\/ld+json\" class=\"yoast-schema-graph\">{\"@context\":\"https:\\\/\\\/schema.org\",\"@graph\":[{\"@type\":\"WebPage\",\"@id\":\"https:\\\/\\\/hawkraft.dk\\\/?post_type=begivenhede_post&p=5341\",\"url\":\"https:\\\/\\\/hawkraft.dk\\\/?post_type=begivenhede_post&p=5341\",\"name\":\"Autorenvortrag v\\\/ Peter \u00d8vig Knudsen + kulturelles Essen - Hawkraft \u2013 Overnatning i Thy t\u00e6t p\u00e5 Nationalparken\",\"isPartOf\":{\"@id\":\"https:\\\/\\\/hawkraft.dk\\\/#website\"},\"primaryImageOfPage\":{\"@id\":\"https:\\\/\\\/hawkraft.dk\\\/?post_type=begivenhede_post&p=5341#primaryimage\"},\"image\":{\"@id\":\"https:\\\/\\\/hawkraft.dk\\\/?post_type=begivenhede_post&p=5341#primaryimage\"},\"thumbnailUrl\":\"https:\\\/\\\/hawkraft.dk\\\/wp-content\\\/uploads\\\/2024\\\/05\\\/IMG_4042.jpeg\",\"datePublished\":\"2024-05-24T06:03:37+00:00\",\"dateModified\":\"2024-09-12T12:11:21+00:00\",\"breadcrumb\":{\"@id\":\"https:\\\/\\\/hawkraft.dk\\\/?post_type=begivenhede_post&p=5341#breadcrumb\"},\"inLanguage\":\"de\",\"potentialAction\":[{\"@type\":\"ReadAction\",\"target\":[\"https:\\\/\\\/hawkraft.dk\\\/?post_type=begivenhede_post&p=5341\"]}]},{\"@type\":\"ImageObject\",\"inLanguage\":\"de\",\"@id\":\"https:\\\/\\\/hawkraft.dk\\\/?post_type=begivenhede_post&p=5341#primaryimage\",\"url\":\"https:\\\/\\\/hawkraft.dk\\\/wp-content\\\/uploads\\\/2024\\\/05\\\/IMG_4042.jpeg\",\"contentUrl\":\"https:\\\/\\\/hawkraft.dk\\\/wp-content\\\/uploads\\\/2024\\\/05\\\/IMG_4042.jpeg\",\"width\":1170,\"height\":771,\"caption\":\"Screenshot\"},{\"@type\":\"BreadcrumbList\",\"@id\":\"https:\\\/\\\/hawkraft.dk\\\/?post_type=begivenhede_post&p=5341#breadcrumb\",\"itemListElement\":[{\"@type\":\"ListItem\",\"position\":1,\"name\":\"Hjem\",\"item\":\"https:\\\/\\\/hawkraft.dk\\\/de\\\/hawkraft-homepage\\\/\"},{\"@type\":\"ListItem\",\"position\":2,\"name\":\"Autorenvortrag v\\\/ Peter \u00d8vig Knudsen + kulturelles Essen\"}]},{\"@type\":\"WebSite\",\"@id\":\"https:\\\/\\\/hawkraft.dk\\\/#website\",\"url\":\"https:\\\/\\\/hawkraft.dk\\\/\",\"name\":\"hawkraft.dk\",\"description\":\"Hawkraft Kulturhotel \u2013 Overnatning i Thy t\u00e6t p\u00e5 Nationalparken\",\"publisher\":{\"@id\":\"https:\\\/\\\/hawkraft.dk\\\/#organization\"},\"alternateName\":\"Hawkraft Kulturhotel \u2013 Overnatning i Thy t\u00e6t p\u00e5 Nationalparken\",\"potentialAction\":[{\"@type\":\"SearchAction\",\"target\":{\"@type\":\"EntryPoint\",\"urlTemplate\":\"https:\\\/\\\/hawkraft.dk\\\/?s={search_term_string}\"},\"query-input\":{\"@type\":\"PropertyValueSpecification\",\"valueRequired\":true,\"valueName\":\"search_term_string\"}}],\"inLanguage\":\"de\"},{\"@type\":\"Organization\",\"@id\":\"https:\\\/\\\/hawkraft.dk\\\/#organization\",\"name\":\"hawkraft Kulturhotel\",\"alternateName\":\"Hawkraft Kulturhotel \u2013 Overnatning i Thy t\u00e6t p\u00e5 Nationalparken\",\"url\":\"https:\\\/\\\/hawkraft.dk\\\/\",\"logo\":{\"@type\":\"ImageObject\",\"inLanguage\":\"de\",\"@id\":\"https:\\\/\\\/hawkraft.dk\\\/#\\\/schema\\\/logo\\\/image\\\/\",\"url\":\"https:\\\/\\\/hawkraft.dk\\\/wp-content\\\/uploads\\\/2023\\\/11\\\/hawkraft-naturhotel-logo.png\",\"contentUrl\":\"https:\\\/\\\/hawkraft.dk\\\/wp-content\\\/uploads\\\/2023\\\/11\\\/hawkraft-naturhotel-logo.png\",\"width\":2000,\"height\":1895,\"caption\":\"hawkraft Kulturhotel\"},\"image\":{\"@id\":\"https:\\\/\\\/hawkraft.dk\\\/#\\\/schema\\\/logo\\\/image\\\/\"},\"sameAs\":[\"https:\\\/\\\/www.facebook.com\\\/Vestervig\"]}]}<\/script>\n<!-- \/ Yoast SEO plugin. -->","yoast_head_json":{"title":"Autorenvortrag v\/ Peter \u00d8vig Knudsen + kulturelles Essen - Hawkraft \u2013 Overnatning i Thy t\u00e6t p\u00e5 Nationalparken","robots":{"index":"index","follow":"follow","max-snippet":"max-snippet:-1","max-image-preview":"max-image-preview:large","max-video-preview":"max-video-preview:-1"},"canonical":"https:\/\/hawkraft.dk\/?post_type=begivenhede_post&p=5341","og_locale":"de_DE","og_type":"article","og_title":"Autorenvortrag v\/ Peter \u00d8vig Knudsen + kulturelles Essen - Hawkraft \u2013 Overnatning i Thy t\u00e6t p\u00e5 Nationalparken","og_description":"Kaufen Sie ein Ticket In Zusammenarbeit mit dem Kulturrummet in Thy und dem St\u00f8ttforeningen Hawkraftens Venner, Sie sind zu einem Essen und einem Autorenvortrag von Peter \u00d8vig eingeladen Der Autor und Journalist Peter \u00d8vig Knudsen schreibt in den B\u00fcchern \u201eHippie 1 2\u201c \u00fcber das gro\u00dfe Experiment, im Sommer 1970 auf einem Feld in der N\u00e4he [&hellip;]","og_url":"https:\/\/hawkraft.dk\/?post_type=begivenhede_post&p=5341","og_site_name":"Hawkraft \u2013 Overnatning i Thy t\u00e6t p\u00e5 Nationalparken","article_publisher":"https:\/\/www.facebook.com\/Vestervig","article_modified_time":"2024-09-12T12:11:21+00:00","og_image":[{"width":1170,"height":771,"url":"https:\/\/hawkraft.dk\/wp-content\/uploads\/2024\/05\/IMG_4042.jpeg","type":"image\/jpeg"}],"twitter_card":"summary_large_image","twitter_misc":{"Gesch\u00e4tzte Lesezeit":"1\u00a0Minute"},"schema":{"@context":"https:\/\/schema.org","@graph":[{"@type":"WebPage","@id":"https:\/\/hawkraft.dk\/?post_type=begivenhede_post&p=5341","url":"https:\/\/hawkraft.dk\/?post_type=begivenhede_post&p=5341","name":"Autorenvortrag v\/ Peter \u00d8vig Knudsen + kulturelles Essen - Hawkraft \u2013 Overnatning i Thy t\u00e6t p\u00e5 Nationalparken","isPartOf":{"@id":"https:\/\/hawkraft.dk\/#website"},"primaryImageOfPage":{"@id":"https:\/\/hawkraft.dk\/?post_type=begivenhede_post&p=5341#primaryimage"},"image":{"@id":"https:\/\/hawkraft.dk\/?post_type=begivenhede_post&p=5341#primaryimage"},"thumbnailUrl":"https:\/\/hawkraft.dk\/wp-content\/uploads\/2024\/05\/IMG_4042.jpeg","datePublished":"2024-05-24T06:03:37+00:00","dateModified":"2024-09-12T12:11:21+00:00","breadcrumb":{"@id":"https:\/\/hawkraft.dk\/?post_type=begivenhede_post&p=5341#breadcrumb"},"inLanguage":"de","potentialAction":[{"@type":"ReadAction","target":["https:\/\/hawkraft.dk\/?post_type=begivenhede_post&p=5341"]}]},{"@type":"ImageObject","inLanguage":"de","@id":"https:\/\/hawkraft.dk\/?post_type=begivenhede_post&p=5341#primaryimage","url":"https:\/\/hawkraft.dk\/wp-content\/uploads\/2024\/05\/IMG_4042.jpeg","contentUrl":"https:\/\/hawkraft.dk\/wp-content\/uploads\/2024\/05\/IMG_4042.jpeg","width":1170,"height":771,"caption":"Screenshot"},{"@type":"BreadcrumbList","@id":"https:\/\/hawkraft.dk\/?post_type=begivenhede_post&p=5341#breadcrumb","itemListElement":[{"@type":"ListItem","position":1,"name":"Hjem","item":"https:\/\/hawkraft.dk\/de\/hawkraft-homepage\/"},{"@type":"ListItem","position":2,"name":"Autorenvortrag v\/ Peter \u00d8vig Knudsen + kulturelles Essen"}]},{"@type":"WebSite","@id":"https:\/\/hawkraft.dk\/#website","url":"https:\/\/hawkraft.dk\/","name":"hawkraft.dk","description":"Hawkraft Kulturhotel \u2013 Overnatning i Thy t\u00e6t p\u00e5 Nationalparken","publisher":{"@id":"https:\/\/hawkraft.dk\/#organization"},"alternateName":"Hawkraft Kulturhotel \u2013 Overnatning i Thy t\u00e6t p\u00e5 Nationalparken","potentialAction":[{"@type":"SearchAction","target":{"@type":"EntryPoint","urlTemplate":"https:\/\/hawkraft.dk\/?s={search_term_string}"},"query-input":{"@type":"PropertyValueSpecification","valueRequired":true,"valueName":"search_term_string"}}],"inLanguage":"de"},{"@type":"Organization","@id":"https:\/\/hawkraft.dk\/#organization","name":"hawkraft Kulturhotel","alternateName":"Hawkraft Kulturhotel \u2013 Overnatning i Thy t\u00e6t p\u00e5 Nationalparken","url":"https:\/\/hawkraft.dk\/","logo":{"@type":"ImageObject","inLanguage":"de","@id":"https:\/\/hawkraft.dk\/#\/schema\/logo\/image\/","url":"https:\/\/hawkraft.dk\/wp-content\/uploads\/2023\/11\/hawkraft-naturhotel-logo.png","contentUrl":"https:\/\/hawkraft.dk\/wp-content\/uploads\/2023\/11\/hawkraft-naturhotel-logo.png","width":2000,"height":1895,"caption":"hawkraft Kulturhotel"},"image":{"@id":"https:\/\/hawkraft.dk\/#\/schema\/logo\/image\/"},"sameAs":["https:\/\/www.facebook.com\/Vestervig"]}]}},"_links":{"self":[{"href":"https:\/\/hawkraft.dk\/de\/wp-json\/wp\/v2\/begivenhede_post\/6059","targetHints":{"allow":["GET"]}}],"collection":[{"href":"https:\/\/hawkraft.dk\/de\/wp-json\/wp\/v2\/begivenhede_post"}],"about":[{"href":"https:\/\/hawkraft.dk\/de\/wp-json\/wp\/v2\/types\/begivenhede_post"}],"wp:featuredmedia":[{"embeddable":true,"href":"https:\/\/hawkraft.dk\/de\/wp-json\/wp\/v2\/media\/5347"}],"wp:attachment":[{"href":"https:\/\/hawkraft.dk\/de\/wp-json\/wp\/v2\/media?parent=6059"}],"curies":[{"name":"wp","href":"https:\/\/api.w.org\/{rel}","templated":true}]}}