{"id":6030,"date":"2024-03-17T18:28:34","date_gmt":"2024-03-17T17:28:34","guid":{"rendered":"https:\/\/hawkraft.dk\/nyheder_post\/carsten-knudsen-kehrt-am-18-oktober-zurueck\/"},"modified":"2024-03-17T18:28:34","modified_gmt":"2024-03-17T17:28:34","slug":"carsten-knudsen-kehrt-am-18-oktober-zurueck","status":"publish","type":"nyheder_post","link":"https:\/\/hawkraft.dk\/de\/nyheder_post\/carsten-knudsen-kehrt-am-18-oktober-zurueck\/","title":{"rendered":"Carsten Knudsen kehrt am 18. Oktober zur\u00fcck"},"content":{"rendered":"<p>Nehmen Sie Carsten Knudsen mit auf eine musikalische Reise und eine Reise in Knudsens inneres Universum. Knudsen hat seinen eigenen Stil geschaffen, der auf Erfahrungen aus Kom\u00f6die und Kabarett basiert. Viele werden ihn aus \u201e<strong>De Nattergale<\/strong>\u201c und \u201e<strong>The Christmas Calendar\u201c<\/strong> kennen, und wenn Carsten auf die B\u00fchne geht, ist das mehr als nur Unterhaltung, es ist auch <strong>musikalisch subtil<\/strong> und <strong>ber\u00fchrend.<\/strong> Die Nachfrage nach Tickets f\u00fcr die Show am Freitag, 15. M\u00e4rz 2024, war so gro\u00df, dass wir diese neue Show am Freitag, 18. Oktober, arrangiert haben \u2013 in voller Vorfreude und Gelegenheit f\u00fcr diejenigen unter Ihnen, die keinen Platz im Saal ergattert haben.  <\/p>\n","protected":false},"featured_media":4164,"template":"","tags":[18],"class_list":["post-6030","nyheder_post","type-nyheder_post","status-publish","has-post-thumbnail","hentry","tags-nyhed"],"acf":[],"yoast_head":"<!-- This site is optimized with the Yoast SEO plugin v27.4 - https:\/\/yoast.com\/product\/yoast-seo-wordpress\/ -->\n<title>Carsten Knudsen kehrt am 18. Oktober zur\u00fcck - Hawkraft \u2013 Overnatning i Thy t\u00e6t p\u00e5 Nationalparken<\/title>\n<meta name=\"robots\" content=\"index, follow, max-snippet:-1, max-image-preview:large, max-video-preview:-1\" \/>\n<link rel=\"canonical\" href=\"https:\/\/hawkraft.dk\/nyheder_post\/carsten-knudsen-vender-tilbage-18-oktober\/\" \/>\n<meta property=\"og:locale\" content=\"de_DE\" \/>\n<meta property=\"og:type\" content=\"article\" \/>\n<meta property=\"og:title\" content=\"Carsten Knudsen kehrt am 18. Oktober zur\u00fcck - Hawkraft \u2013 Overnatning i Thy t\u00e6t p\u00e5 Nationalparken\" \/>\n<meta property=\"og:description\" content=\"Nehmen Sie Carsten Knudsen mit auf eine musikalische Reise und eine Reise in Knudsens inneres Universum. Knudsen hat seinen eigenen Stil geschaffen, der auf Erfahrungen aus Kom\u00f6die und Kabarett basiert. Viele werden ihn aus \u201eDe Nattergale\u201c und \u201eThe Christmas Calendar\u201c kennen, und wenn Carsten auf die B\u00fchne geht, ist das mehr als nur Unterhaltung, es [&hellip;]\" \/>\n<meta property=\"og:url\" content=\"https:\/\/hawkraft.dk\/nyheder_post\/carsten-knudsen-vender-tilbage-18-oktober\/\" \/>\n<meta property=\"og:site_name\" content=\"Hawkraft \u2013 Overnatning i Thy t\u00e6t p\u00e5 Nationalparken\" \/>\n<meta property=\"article:publisher\" content=\"https:\/\/www.facebook.com\/Vestervig\" \/>\n<meta property=\"og:image\" content=\"https:\/\/hawkraft.dk\/wp-content\/uploads\/2024\/03\/pt-foto-hoved-vand-kvadrat-1.jpg\" \/>\n\t<meta property=\"og:image:width\" content=\"480\" \/>\n\t<meta property=\"og:image:height\" content=\"480\" \/>\n\t<meta property=\"og:image:type\" content=\"image\/jpeg\" \/>\n<meta name=\"twitter:card\" content=\"summary_large_image\" \/>\n<meta name=\"twitter:label1\" content=\"Gesch\u00e4tzte Lesezeit\" \/>\n\t<meta name=\"twitter:data1\" content=\"1\u00a0Minute\" \/>\n<script type=\"application\/ld+json\" class=\"yoast-schema-graph\">{\"@context\":\"https:\\\/\\\/schema.org\",\"@graph\":[{\"@type\":\"WebPage\",\"@id\":\"https:\\\/\\\/hawkraft.dk\\\/nyheder_post\\\/carsten-knudsen-vender-tilbage-18-oktober\\\/\",\"url\":\"https:\\\/\\\/hawkraft.dk\\\/nyheder_post\\\/carsten-knudsen-vender-tilbage-18-oktober\\\/\",\"name\":\"Carsten Knudsen kehrt am 18. Oktober zur\u00fcck - Hawkraft \u2013 Overnatning i Thy t\u00e6t p\u00e5 Nationalparken\",\"isPartOf\":{\"@id\":\"https:\\\/\\\/hawkraft.dk\\\/#website\"},\"primaryImageOfPage\":{\"@id\":\"https:\\\/\\\/hawkraft.dk\\\/nyheder_post\\\/carsten-knudsen-vender-tilbage-18-oktober\\\/#primaryimage\"},\"image\":{\"@id\":\"https:\\\/\\\/hawkraft.dk\\\/nyheder_post\\\/carsten-knudsen-vender-tilbage-18-oktober\\\/#primaryimage\"},\"thumbnailUrl\":\"https:\\\/\\\/hawkraft.dk\\\/wp-content\\\/uploads\\\/2024\\\/03\\\/pt-foto-hoved-vand-kvadrat-1.jpg\",\"datePublished\":\"2024-03-17T17:28:34+00:00\",\"breadcrumb\":{\"@id\":\"https:\\\/\\\/hawkraft.dk\\\/nyheder_post\\\/carsten-knudsen-vender-tilbage-18-oktober\\\/#breadcrumb\"},\"inLanguage\":\"de\",\"potentialAction\":[{\"@type\":\"ReadAction\",\"target\":[\"https:\\\/\\\/hawkraft.dk\\\/nyheder_post\\\/carsten-knudsen-vender-tilbage-18-oktober\\\/\"]}]},{\"@type\":\"ImageObject\",\"inLanguage\":\"de\",\"@id\":\"https:\\\/\\\/hawkraft.dk\\\/nyheder_post\\\/carsten-knudsen-vender-tilbage-18-oktober\\\/#primaryimage\",\"url\":\"https:\\\/\\\/hawkraft.dk\\\/wp-content\\\/uploads\\\/2024\\\/03\\\/pt-foto-hoved-vand-kvadrat-1.jpg\",\"contentUrl\":\"https:\\\/\\\/hawkraft.dk\\\/wp-content\\\/uploads\\\/2024\\\/03\\\/pt-foto-hoved-vand-kvadrat-1.jpg\",\"width\":480,\"height\":480},{\"@type\":\"BreadcrumbList\",\"@id\":\"https:\\\/\\\/hawkraft.dk\\\/nyheder_post\\\/carsten-knudsen-vender-tilbage-18-oktober\\\/#breadcrumb\",\"itemListElement\":[{\"@type\":\"ListItem\",\"position\":1,\"name\":\"Hjem\",\"item\":\"https:\\\/\\\/hawkraft.dk\\\/de\\\/hawkraft-homepage\\\/\"},{\"@type\":\"ListItem\",\"position\":2,\"name\":\"Carsten Knudsen kehrt am 18. Oktober zur\u00fcck\"}]},{\"@type\":\"WebSite\",\"@id\":\"https:\\\/\\\/hawkraft.dk\\\/#website\",\"url\":\"https:\\\/\\\/hawkraft.dk\\\/\",\"name\":\"hawkraft.dk\",\"description\":\"Hawkraft Kulturhotel \u2013 Overnatning i Thy t\u00e6t p\u00e5 Nationalparken\",\"publisher\":{\"@id\":\"https:\\\/\\\/hawkraft.dk\\\/#organization\"},\"alternateName\":\"Hawkraft Kulturhotel \u2013 Overnatning i Thy t\u00e6t p\u00e5 Nationalparken\",\"potentialAction\":[{\"@type\":\"SearchAction\",\"target\":{\"@type\":\"EntryPoint\",\"urlTemplate\":\"https:\\\/\\\/hawkraft.dk\\\/?s={search_term_string}\"},\"query-input\":{\"@type\":\"PropertyValueSpecification\",\"valueRequired\":true,\"valueName\":\"search_term_string\"}}],\"inLanguage\":\"de\"},{\"@type\":\"Organization\",\"@id\":\"https:\\\/\\\/hawkraft.dk\\\/#organization\",\"name\":\"hawkraft Kulturhotel\",\"alternateName\":\"Hawkraft Kulturhotel \u2013 Overnatning i Thy t\u00e6t p\u00e5 Nationalparken\",\"url\":\"https:\\\/\\\/hawkraft.dk\\\/\",\"logo\":{\"@type\":\"ImageObject\",\"inLanguage\":\"de\",\"@id\":\"https:\\\/\\\/hawkraft.dk\\\/#\\\/schema\\\/logo\\\/image\\\/\",\"url\":\"https:\\\/\\\/hawkraft.dk\\\/wp-content\\\/uploads\\\/2023\\\/11\\\/hawkraft-naturhotel-logo.png\",\"contentUrl\":\"https:\\\/\\\/hawkraft.dk\\\/wp-content\\\/uploads\\\/2023\\\/11\\\/hawkraft-naturhotel-logo.png\",\"width\":2000,\"height\":1895,\"caption\":\"hawkraft Kulturhotel\"},\"image\":{\"@id\":\"https:\\\/\\\/hawkraft.dk\\\/#\\\/schema\\\/logo\\\/image\\\/\"},\"sameAs\":[\"https:\\\/\\\/www.facebook.com\\\/Vestervig\"]}]}<\/script>\n<!-- \/ Yoast SEO plugin. -->","yoast_head_json":{"title":"Carsten Knudsen kehrt am 18. Oktober zur\u00fcck - Hawkraft \u2013 Overnatning i Thy t\u00e6t p\u00e5 Nationalparken","robots":{"index":"index","follow":"follow","max-snippet":"max-snippet:-1","max-image-preview":"max-image-preview:large","max-video-preview":"max-video-preview:-1"},"canonical":"https:\/\/hawkraft.dk\/nyheder_post\/carsten-knudsen-vender-tilbage-18-oktober\/","og_locale":"de_DE","og_type":"article","og_title":"Carsten Knudsen kehrt am 18. Oktober zur\u00fcck - Hawkraft \u2013 Overnatning i Thy t\u00e6t p\u00e5 Nationalparken","og_description":"Nehmen Sie Carsten Knudsen mit auf eine musikalische Reise und eine Reise in Knudsens inneres Universum. Knudsen hat seinen eigenen Stil geschaffen, der auf Erfahrungen aus Kom\u00f6die und Kabarett basiert. Viele werden ihn aus \u201eDe Nattergale\u201c und \u201eThe Christmas Calendar\u201c kennen, und wenn Carsten auf die B\u00fchne geht, ist das mehr als nur Unterhaltung, es [&hellip;]","og_url":"https:\/\/hawkraft.dk\/nyheder_post\/carsten-knudsen-vender-tilbage-18-oktober\/","og_site_name":"Hawkraft \u2013 Overnatning i Thy t\u00e6t p\u00e5 Nationalparken","article_publisher":"https:\/\/www.facebook.com\/Vestervig","og_image":[{"width":480,"height":480,"url":"https:\/\/hawkraft.dk\/wp-content\/uploads\/2024\/03\/pt-foto-hoved-vand-kvadrat-1.jpg","type":"image\/jpeg"}],"twitter_card":"summary_large_image","twitter_misc":{"Gesch\u00e4tzte Lesezeit":"1\u00a0Minute"},"schema":{"@context":"https:\/\/schema.org","@graph":[{"@type":"WebPage","@id":"https:\/\/hawkraft.dk\/nyheder_post\/carsten-knudsen-vender-tilbage-18-oktober\/","url":"https:\/\/hawkraft.dk\/nyheder_post\/carsten-knudsen-vender-tilbage-18-oktober\/","name":"Carsten Knudsen kehrt am 18. Oktober zur\u00fcck - Hawkraft \u2013 Overnatning i Thy t\u00e6t p\u00e5 Nationalparken","isPartOf":{"@id":"https:\/\/hawkraft.dk\/#website"},"primaryImageOfPage":{"@id":"https:\/\/hawkraft.dk\/nyheder_post\/carsten-knudsen-vender-tilbage-18-oktober\/#primaryimage"},"image":{"@id":"https:\/\/hawkraft.dk\/nyheder_post\/carsten-knudsen-vender-tilbage-18-oktober\/#primaryimage"},"thumbnailUrl":"https:\/\/hawkraft.dk\/wp-content\/uploads\/2024\/03\/pt-foto-hoved-vand-kvadrat-1.jpg","datePublished":"2024-03-17T17:28:34+00:00","breadcrumb":{"@id":"https:\/\/hawkraft.dk\/nyheder_post\/carsten-knudsen-vender-tilbage-18-oktober\/#breadcrumb"},"inLanguage":"de","potentialAction":[{"@type":"ReadAction","target":["https:\/\/hawkraft.dk\/nyheder_post\/carsten-knudsen-vender-tilbage-18-oktober\/"]}]},{"@type":"ImageObject","inLanguage":"de","@id":"https:\/\/hawkraft.dk\/nyheder_post\/carsten-knudsen-vender-tilbage-18-oktober\/#primaryimage","url":"https:\/\/hawkraft.dk\/wp-content\/uploads\/2024\/03\/pt-foto-hoved-vand-kvadrat-1.jpg","contentUrl":"https:\/\/hawkraft.dk\/wp-content\/uploads\/2024\/03\/pt-foto-hoved-vand-kvadrat-1.jpg","width":480,"height":480},{"@type":"BreadcrumbList","@id":"https:\/\/hawkraft.dk\/nyheder_post\/carsten-knudsen-vender-tilbage-18-oktober\/#breadcrumb","itemListElement":[{"@type":"ListItem","position":1,"name":"Hjem","item":"https:\/\/hawkraft.dk\/de\/hawkraft-homepage\/"},{"@type":"ListItem","position":2,"name":"Carsten Knudsen kehrt am 18. Oktober zur\u00fcck"}]},{"@type":"WebSite","@id":"https:\/\/hawkraft.dk\/#website","url":"https:\/\/hawkraft.dk\/","name":"hawkraft.dk","description":"Hawkraft Kulturhotel \u2013 Overnatning i Thy t\u00e6t p\u00e5 Nationalparken","publisher":{"@id":"https:\/\/hawkraft.dk\/#organization"},"alternateName":"Hawkraft Kulturhotel \u2013 Overnatning i Thy t\u00e6t p\u00e5 Nationalparken","potentialAction":[{"@type":"SearchAction","target":{"@type":"EntryPoint","urlTemplate":"https:\/\/hawkraft.dk\/?s={search_term_string}"},"query-input":{"@type":"PropertyValueSpecification","valueRequired":true,"valueName":"search_term_string"}}],"inLanguage":"de"},{"@type":"Organization","@id":"https:\/\/hawkraft.dk\/#organization","name":"hawkraft Kulturhotel","alternateName":"Hawkraft Kulturhotel \u2013 Overnatning i Thy t\u00e6t p\u00e5 Nationalparken","url":"https:\/\/hawkraft.dk\/","logo":{"@type":"ImageObject","inLanguage":"de","@id":"https:\/\/hawkraft.dk\/#\/schema\/logo\/image\/","url":"https:\/\/hawkraft.dk\/wp-content\/uploads\/2023\/11\/hawkraft-naturhotel-logo.png","contentUrl":"https:\/\/hawkraft.dk\/wp-content\/uploads\/2023\/11\/hawkraft-naturhotel-logo.png","width":2000,"height":1895,"caption":"hawkraft Kulturhotel"},"image":{"@id":"https:\/\/hawkraft.dk\/#\/schema\/logo\/image\/"},"sameAs":["https:\/\/www.facebook.com\/Vestervig"]}]}},"_links":{"self":[{"href":"https:\/\/hawkraft.dk\/de\/wp-json\/wp\/v2\/nyheder_post\/6030","targetHints":{"allow":["GET"]}}],"collection":[{"href":"https:\/\/hawkraft.dk\/de\/wp-json\/wp\/v2\/nyheder_post"}],"about":[{"href":"https:\/\/hawkraft.dk\/de\/wp-json\/wp\/v2\/types\/nyheder_post"}],"wp:featuredmedia":[{"embeddable":true,"href":"https:\/\/hawkraft.dk\/de\/wp-json\/wp\/v2\/media\/4164"}],"wp:attachment":[{"href":"https:\/\/hawkraft.dk\/de\/wp-json\/wp\/v2\/media?parent=6030"}],"wp:term":[{"taxonomy":"tags","embeddable":true,"href":"https:\/\/hawkraft.dk\/de\/wp-json\/wp\/v2\/tags?post=6030"}],"curies":[{"name":"wp","href":"https:\/\/api.w.org\/{rel}","templated":true}]}}